{"id":26525,"date":"2026-02-26T16:57:42","date_gmt":"2026-02-26T15:57:42","guid":{"rendered":"https:\/\/www.chateauberne.com\/?p=26243"},"modified":"2026-04-08T17:41:43","modified_gmt":"2026-04-08T15:41:43","slug":"le-festival-des-arts","status":"publish","type":"post","link":"http:\/\/www.chateauberne.com\/it\/le-festival-des-arts\/","title":{"rendered":"Il Festival delle Arti"},"content":{"rendered":"<div data-elementor-type=\"wp-post\" data-elementor-id=\"26525\" class=\"elementor elementor-26525\" data-elementor-post-type=\"post\">\n\t\t\t\t<div class=\"elementor-element elementor-element-2576637c e-flex e-con-boxed e-con e-parent\" data-id=\"2576637c\" data-element_type=\"container\" data-e-type=\"container\">\n\t\t\t\t\t<div class=\"e-con-inner\">\n\t\t\t\t<div class=\"elementor-element elementor-element-39805305 elementor-widget elementor-widget-text-editor\" data-id=\"39805305\" data-element_type=\"widget\" data-e-type=\"widget\" data-widget_type=\"text-editor.default\">\n\t\t\t\t<div class=\"elementor-widget-container\">\n\t\t\t\t\t\t\t\t\t\n<p>Nella primavera e per tutta l'estate del 2026, la <strong>Castello di Berna<\/strong> inaugura il suo <strong>Festival delle Arti 2026<\/strong> per la prima edizione del suo programma creativo e di arte di vivere. Fotografia, teatro all'aperto e concerti di artisti rinomati scandiranno la stagione, in una cornice naturale eccezionale tra vigneti e uliveti. Una parentesi culturale elegante e stimolante nel cuore della Provenza.<\/p>\n\n<p>- <strong>24 e 25 aprile (durata 1 settimana)<\/strong> La mostra fotografica \u00abEntre terre et mer, dans le sillage des grands marins\u00bb (Tra terra e mare, sulla scia dei grandi marinai) della fotografa oceanica Marie Cortial (sponsor della mostra: Marie Tabarly). <a href=\"https:\/\/my.weezevent.com\/expo-photo-conference-marie-cortial\" target=\"_blank\" rel=\"noopener\">Biglietti<\/a><\/p>\n\n<p>- <strong>5 giugno<\/strong> Un viaggio tra canzoni e musica, questo spettacolo offre un intenso cambio di scenario, con cori che raccontano la storia di un mondo. <a href=\"https:\/\/my.weezevent.com\/choeurs-de-tango-coup-de-coeur-flayosc\" target=\"_blank\" rel=\"noopener\">Biglietti<\/a><\/p>\n\n<p>- <strong>19 e 20 giugno<\/strong> \u00c7a patine \u00e0 Tokyo\u201c, uno spettacolo teatrale all'aperto con Nelson Monfort e Philippe Candeloro, in francese. <a href=\"https:\/\/my.weezevent.com\/theatre-ca-patine-a-tokyo\" target=\"_blank\" rel=\"noopener\">Biglietti<\/a><\/p>\n\n<p>- <strong>24 e 25 luglio<\/strong> Concerti eccezionali di Nicolas Reyes, la voce dei Gypsy Kings. <a href=\"https:\/\/my.weezevent.com\/le-gypsy-king-nicolas-reyes\" target=\"_blank\" rel=\"noopener\">Biglietti<\/a><\/p>\n\n<p>- <strong>7 agosto <\/strong>Legends\u00ab, concerto del virtuoso internazionale Camille Berthollet, violino e violoncello prodigio. <a href=\"https:\/\/my.weezevent.com\/camille-berthollet\" target=\"_blank\" rel=\"noopener\">Biglietti<\/a><\/p>\n\n<p>- <strong>13 agosto<\/strong> Yann Muller. <a href=\"https:\/\/my.weezevent.com\/yann-muller-4\" target=\"_blank\" rel=\"noopener\">Biglietti<\/a><\/p>\n\n<p>- <strong>11 e 12 settembre <\/strong>Jonathan Dassin - \u00abL'eredit\u00e0 Dassin\u00bb. <a href=\"https:\/\/my.weezevent.com\/jonathan-dassin\" target=\"_blank\" rel=\"noopener\">Biglietti<\/a><\/p>\n\t\t\t\t\t\t\t\t<\/div>\n\t\t\t\t<\/div>\n\t\t\t\t\t<\/div>\n\t\t\t\t<\/div>\n\t\t\t\t<\/div>","protected":false},"excerpt":{"rendered":"<p>Au printemps et tout au long de l\u2019\u00e9t\u00e9 2026, le Ch\u00e2teau de Berne inaugure son Festival des Arts 2026 pour une premi\u00e8re \u00e9dition plac\u00e9e sous le signe de la cr\u00e9ation et de l\u2019art de vivre. Photographie, th\u00e9\u00e2tre en plein air et concerts d\u2019artistes de renom rythmeront la saison, dans un cadre naturel d\u2019exception entre vignes [&hellip;]<\/p>\n","protected":false},"author":18,"featured_media":26540,"comment_status":"closed","ping_status":"open","sticky":false,"template":"","format":"standard","meta":{"inline_featured_image":false,"footnotes":""},"categories":[25],"tags":[],"class_list":["post-26525","post","type-post","status-publish","format-standard","has-post-thumbnail","hentry","category-agenda"],"_links":{"self":[{"href":"http:\/\/www.chateauberne.com\/it\/wp-json\/wp\/v2\/posts\/26525","targetHints":{"allow":["GET"]}}],"collection":[{"href":"http:\/\/www.chateauberne.com\/it\/wp-json\/wp\/v2\/posts"}],"about":[{"href":"http:\/\/www.chateauberne.com\/it\/wp-json\/wp\/v2\/types\/post"}],"author":[{"embeddable":true,"href":"http:\/\/www.chateauberne.com\/it\/wp-json\/wp\/v2\/users\/18"}],"replies":[{"embeddable":true,"href":"http:\/\/www.chateauberne.com\/it\/wp-json\/wp\/v2\/comments?post=26525"}],"version-history":[{"count":8,"href":"http:\/\/www.chateauberne.com\/it\/wp-json\/wp\/v2\/posts\/26525\/revisions"}],"predecessor-version":[{"id":26883,"href":"http:\/\/www.chateauberne.com\/it\/wp-json\/wp\/v2\/posts\/26525\/revisions\/26883"}],"wp:featuredmedia":[{"embeddable":true,"href":"http:\/\/www.chateauberne.com\/it\/wp-json\/wp\/v2\/media\/26540"}],"wp:attachment":[{"href":"http:\/\/www.chateauberne.com\/it\/wp-json\/wp\/v2\/media?parent=26525"}],"wp:term":[{"taxonomy":"category","embeddable":true,"href":"http:\/\/www.chateauberne.com\/it\/wp-json\/wp\/v2\/categories?post=26525"},{"taxonomy":"post_tag","embeddable":true,"href":"http:\/\/www.chateauberne.com\/it\/wp-json\/wp\/v2\/tags?post=26525"}],"curies":[{"name":"wp","href":"https:\/\/api.w.org\/{rel}","templated":true}]}}