{"id":14305,"date":"2022-09-14T00:10:38","date_gmt":"2022-09-13T22:10:38","guid":{"rendered":"https:\/\/www.chateauberne.com\/?p=14305"},"modified":"2024-03-12T09:46:52","modified_gmt":"2024-03-12T08:46:52","slug":"provence-verte-ecrin-au-coeur-du-var","status":"publish","type":"post","link":"https:\/\/www.chateauberne.com\/de\/provence-verte-ecrin-au-coeur-du-var\/","title":{"rendered":"Die Reicht\u00fcmer der gr\u00fcnen Provence"},"content":{"rendered":"<div data-elementor-type=\"wp-post\" data-elementor-id=\"14305\" class=\"elementor elementor-14305\" data-elementor-post-type=\"post\">\n\t\t\t\t\t\t<section class=\"elementor-section elementor-top-section elementor-element elementor-element-eef22f1 elementor-section-boxed elementor-section-height-default elementor-section-height-default\" data-id=\"eef22f1\" data-element_type=\"section\" data-e-type=\"section\">\n\t\t\t\t\t\t<div class=\"elementor-container elementor-column-gap-default\">\n\t\t\t\t\t<div class=\"elementor-column elementor-col-100 elementor-top-column elementor-element elementor-element-01e53e2\" data-id=\"01e53e2\" data-element_type=\"column\" data-e-type=\"column\">\n\t\t\t<div class=\"elementor-widget-wrap elementor-element-populated\">\n\t\t\t\t\t\t<div class=\"elementor-element elementor-element-7020af3 elementor-widget elementor-widget-text-editor\" data-id=\"7020af3\" data-element_type=\"widget\" data-e-type=\"widget\" data-widget_type=\"text-editor.default\">\n\t\t\t\t<div class=\"elementor-widget-container\">\n\t\t\t\t\t\t\t\t\t<h2>Die Gr\u00fcne Provence: ein frisches Schmuckk\u00e4stchen zwischen Fluss und Bergen<\/h2><h2>Was ist die Gr\u00fcne Provence?<\/h2><h3>Warum spricht man von der Gr\u00fcnen Provence?<\/h3><p>Man spricht von der Gr\u00fcnen Provence, wenn man sich auf einen Gemeindeverband bezieht, der 43 Gemeinden innerhalb des Departements Var umfasst. So <a title=\"die Gr\u00fcne Provence\" href=\"https:\/\/provence-alpes-cotedazur.com\/decouvrir\/les-destinations\/la-provence\/la-provence-verte\/\" target=\"_blank\" rel=\"noopener\">die Gr\u00fcne Provence<\/a> stellt ein Gebiet dar, das zwischen dem Berg Sainte-Victoire und dem Fluss namens Argens liegt. Es ist besonders gut erhalten, da es sich dem Umweltschutz und der Erhaltung der Natur zuwendet. Im Laufe der Jahre hat sich die Gr\u00fcne Provence aufgrund ihrer \u00fcppigen Natur den Beinamen \"Gr\u00fcne Lunge des Var\" verdient. Die Stadt erhielt das Label \"Ville ou Pays d'Art et d'Histoire\" (Stadt oder Land der Kunst und Geschichte) f\u00fcr ihr reiches kulturelles Erbe, die Besonderheiten ihrer Architektur, aber vor allem f\u00fcr ihren Willen, ihre Geschichte mithilfe ihrer historischen Denkm\u00e4ler aufzuwerten.<\/p><h3>Welche Reiseziele gibt es in der Gr\u00fcnen Provence?<\/h3><p>Wie Sie sicher bemerkt haben, ist es das Ziel dieser Region, ihre nat\u00fcrliche Umwelt und ihre au\u00dfergew\u00f6hnlichen Landschaften zu bewahren. Auf diese Weise bietet sie unumg\u00e4ngliche Naturschaupl\u00e4tze und atemberaubende Panoramen. Die Gorges du Verdon, die sich im n\u00f6rdlichen Teil der Region befinden, sind bei Kajak- und Rafting-Fans sehr beliebt. Sie bieten jedem, der sich die M\u00fche macht, sie zu sehen, eine prachtvolle Naturlandschaft. Der Berg Sainte-Victoire, der durch die Gem\u00e4lde des Malers C\u00e9zanne ber\u00fchmt wurde, stellt ein au\u00dfergew\u00f6hnliches Naturerbe dar. Er ist eine nat\u00fcrliche Grenze, die den \u00dcbergang zwischen dem Departement Bouches-du-Rh\u00f4ne und der Provence markiert. Dieser Berg ist das ganze Jahr \u00fcber der ideale Ort, um sich mit der Familie oder mit Freunden Wanderungen hinzugeben. Die Stadt Cotignac, die sich ebenfalls in der Provence Verte befindet, sollten Sie unbedingt besuchen. Sein malerisches Aussehen sowie die Architektur der H\u00e4user des Dorfes besitzen einen einzigartigen Charme. Ein Spaziergang durch das historische Zentrum ist eine wahre Freude.<\/p><h2>Entdecken Sie die Sch\u00f6nheiten der Gr\u00fcnen Provence bei einem Aufenthalt im Departement Var<\/h2><h3>Die emblematischen Naturst\u00e4tten der Gr\u00fcnen Provence<\/h3><p>Naturliebhaber werden begeistert sein, die Hochebene von Agnis auf einer Wanderung zu entdecken. Sie k\u00f6nnen sich an den au\u00dfergew\u00f6hnlichen Landschaften erfreuen, w\u00e4hrend sie frische Luft schnappen. Was wissen Sie dar\u00fcber? Die Provence Verte ist auch f\u00fcr ihre Seen und Fl\u00fcsse bekannt. Um sich bei hohen Temperaturen abzuk\u00fchlen, empfehlen wir Ihnen dringend, in den Seen von Carc\u00e8s oder Quinson zu baden. Neben einem Bad in k\u00fchlem Wasser k\u00f6nnen Sie auch die Sch\u00f6nheit der umliegenden Landschaft genie\u00dfen. Und schlie\u00dflich k\u00f6nnen Kletterer, die nach Orten zum \u00dcben suchen, dies im Vallon Sourn tun. Hierbei handelt es sich um ein Naturgebiet mit zahlreichen ausgestatteten Kletterrouten.<\/p><h3>Die Gr\u00fcne Provence: ein Land der Kunst und der Geschichte<\/h3><p>Um Ihren Wissensdurst und Ihre Neugier zu stillen, sollten Sie unbedingt die lebendigen Museen besuchen, die die Geschichte der Gr\u00fcnen Provence erz\u00e4hlen. Die Museen stellen sowohl das Know-how als auch die Traditionen dieses uralten Territoriums in den Vordergrund. Sie sind Zeugen der provenzalischen Kultur und tragen dazu bei, diese zu einem Land der Kunst und Geschichte zu machen.<\/p><h2>Entdecken Sie die Gr\u00fcne Provence, indem Sie auf einem Weingut \u00fcbernachten<\/h2><h3>Ch\u00e2teau de Berne: 5-Sterne-Relais- und Schlosshotel im Herzen der Weinberge<\/h3><p>Wenn Sie auf der Suche nach einer ruhigen und entspannenden Umgebung sind, in der Sie w\u00e4hrend Ihres Aufenthalts unterkommen k\u00f6nnen, sind Sie hier genau richtig. Das Ch\u00e2teau de Berne, das im Herzen eines provenzalischen Weinbergs liegt, setzt alles daran, Ihnen einen au\u00dfergew\u00f6hnlichen Aufenthalt in seinem 5-Sterne-Hotel Relais et Ch\u00e2teaux zu bieten. Auf dem Weingut sollten Sie wissen, dass Ihnen eine gro\u00dfe Auswahl an Unterk\u00fcnften zur Verf\u00fcgung steht. Sie k\u00f6nnen auch von einem <a href=\"https:\/\/www.chateauberne.com\/de\/une-journee-au-spa-dans-un-vignoble\/\" target=\"_blank\" rel=\"noopener\">Spa-Partner Cinq Mondes<\/a> um sich um Sie zu k\u00fcmmern.\u00a0<\/p><p>Genie\u00dfen Sie einen unvergesslichen Urlaub in der Gr\u00fcnen Provence, <a href=\"https:\/\/www.chateauberne.com\/de\/\">buchen Sie jetzt Ihren Aufenthalt<\/a> im Schloss Bern.<\/p>\t\t\t\t\t\t\t\t<\/div>\n\t\t\t\t<\/div>\n\t\t\t\t\t<\/div>\n\t\t<\/div>\n\t\t\t\t\t<\/div>\n\t\t<\/section>\n\t\t\t\t<\/div>","protected":false},"excerpt":{"rendered":"<p>La Provence Verte : un \u00e9crin de fra\u00eecheur entre fleuve et montagne Qu\u2019est-ce que la Provence Verte ? Pourquoi parle-t-on de Provence verte ? On parle de Provence Verte lorsqu&rsquo;on fait r\u00e9f\u00e9rence \u00e0 une communaut\u00e9 d&rsquo;agglom\u00e9ration qui regroupe 43 communes au sein du d\u00e9partement du Var. Ainsi, la Provence Verte repr\u00e9sente un territoire situ\u00e9 entre [&hellip;]<\/p>\n","protected":false},"author":13,"featured_media":11585,"comment_status":"closed","ping_status":"open","sticky":false,"template":"","format":"standard","meta":{"inline_featured_image":false,"footnotes":""},"categories":[30],"tags":[],"class_list":["post-14305","post","type-post","status-publish","format-standard","has-post-thumbnail","hentry","category-blog"],"_links":{"self":[{"href":"https:\/\/www.chateauberne.com\/de\/wp-json\/wp\/v2\/posts\/14305","targetHints":{"allow":["GET"]}}],"collection":[{"href":"https:\/\/www.chateauberne.com\/de\/wp-json\/wp\/v2\/posts"}],"about":[{"href":"https:\/\/www.chateauberne.com\/de\/wp-json\/wp\/v2\/types\/post"}],"author":[{"embeddable":true,"href":"https:\/\/www.chateauberne.com\/de\/wp-json\/wp\/v2\/users\/13"}],"replies":[{"embeddable":true,"href":"https:\/\/www.chateauberne.com\/de\/wp-json\/wp\/v2\/comments?post=14305"}],"version-history":[{"count":12,"href":"https:\/\/www.chateauberne.com\/de\/wp-json\/wp\/v2\/posts\/14305\/revisions"}],"predecessor-version":[{"id":20082,"href":"https:\/\/www.chateauberne.com\/de\/wp-json\/wp\/v2\/posts\/14305\/revisions\/20082"}],"wp:featuredmedia":[{"embeddable":true,"href":"https:\/\/www.chateauberne.com\/de\/wp-json\/wp\/v2\/media\/11585"}],"wp:attachment":[{"href":"https:\/\/www.chateauberne.com\/de\/wp-json\/wp\/v2\/media?parent=14305"}],"wp:term":[{"taxonomy":"category","embeddable":true,"href":"https:\/\/www.chateauberne.com\/de\/wp-json\/wp\/v2\/categories?post=14305"},{"taxonomy":"post_tag","embeddable":true,"href":"https:\/\/www.chateauberne.com\/de\/wp-json\/wp\/v2\/tags?post=14305"}],"curies":[{"name":"wp","href":"https:\/\/api.w.org\/{rel}","templated":true}]}}