{"id":26538,"date":"2026-03-05T15:14:12","date_gmt":"2026-03-05T14:14:12","guid":{"rendered":"https:\/\/www.chateauberne.com\/?p=26306"},"modified":"2026-04-01T11:44:21","modified_gmt":"2026-04-01T09:44:21","slug":"festival-des-arts-jonathan-dassin","status":"publish","type":"post","link":"https:\/\/www.chateauberne.com\/de\/festival-des-arts-jonathan-dassin\/","title":{"rendered":"Festival der K\u00fcnste - Jonathan Dassin"},"content":{"rendered":"<p>Jonathan Dassin, der \u00e4lteste Sohn von Joe Dassin, setzt mit Eleganz eine musikalische Geschichte fort, in der sich Emotion und Weitergabe vermischen. Seine Stimme, die zugleich vertraut und einzigartig ist, tr\u00e4gt Sie durch die gro\u00dfen Hits seines Vaters, darunter das unvergessliche <em>Der Indian Summer<\/em>, Die Sch\u00fclerinnen und Sch\u00fcler k\u00f6nnen ihre eigenen Kreationen entdecken.<\/p>\n\n\n\n<p>Verpassen Sie nicht dieses einf\u00fchlsame und bewegende Rezital, einen einzigartigen Moment der Erinnerung, Leidenschaft und Authentizit\u00e4t, den Sie an zwei au\u00dfergew\u00f6hnlichen Abenden erleben k\u00f6nnen.<\/p>\n\n\n\n<p>Praktische Informationen : <\/p>\n\n\n\n<ul class=\"wp-block-list\">\n<li>Datum: 11. und 12. September 2026<\/li>\n\n\n\n<li>Uhrzeit: T\u00fcr\u00f6ffnung um 19:30 Uhr und Beginn des Konzerts um 21:30 Uhr<\/li>\n\n\n\n<li>Ort: Schloss Bern <\/li>\n\n\n\n<li><a href=\"https:\/\/my.weezevent.com\/jonathan-dassin\" target=\"_blank\" rel=\"noopener\">Ticketverkauf<\/a><\/li>\n<\/ul>","protected":false},"excerpt":{"rendered":"<p>Fils a\u00een\u00e9 de Joe Dassin, Jonathan Dassin poursuit avec \u00e9l\u00e9gance une histoire musicale o\u00f9 \u00e9motion et transmission se m\u00ealent. Sa voix, \u00e0 la fois famili\u00e8re et singuli\u00e8re, vous transporte \u00e0 travers les grands succ\u00e8s de son p\u00e8re, dont l\u2019inoubliable L&rsquo;\u00c9t\u00e9 indien, tout en d\u00e9couvrant ses propres cr\u00e9ations. Ne manquez pas ce r\u00e9cital sensible et \u00e9mouvant, [&hellip;]<\/p>\n","protected":false},"author":18,"featured_media":26843,"comment_status":"closed","ping_status":"open","sticky":false,"template":"","format":"standard","meta":{"inline_featured_image":false,"footnotes":""},"categories":[25],"tags":[],"class_list":["post-26538","post","type-post","status-publish","format-standard","has-post-thumbnail","hentry","category-agenda"],"_links":{"self":[{"href":"https:\/\/www.chateauberne.com\/de\/wp-json\/wp\/v2\/posts\/26538","targetHints":{"allow":["GET"]}}],"collection":[{"href":"https:\/\/www.chateauberne.com\/de\/wp-json\/wp\/v2\/posts"}],"about":[{"href":"https:\/\/www.chateauberne.com\/de\/wp-json\/wp\/v2\/types\/post"}],"author":[{"embeddable":true,"href":"https:\/\/www.chateauberne.com\/de\/wp-json\/wp\/v2\/users\/18"}],"replies":[{"embeddable":true,"href":"https:\/\/www.chateauberne.com\/de\/wp-json\/wp\/v2\/comments?post=26538"}],"version-history":[{"count":2,"href":"https:\/\/www.chateauberne.com\/de\/wp-json\/wp\/v2\/posts\/26538\/revisions"}],"predecessor-version":[{"id":26829,"href":"https:\/\/www.chateauberne.com\/de\/wp-json\/wp\/v2\/posts\/26538\/revisions\/26829"}],"wp:featuredmedia":[{"embeddable":true,"href":"https:\/\/www.chateauberne.com\/de\/wp-json\/wp\/v2\/media\/26843"}],"wp:attachment":[{"href":"https:\/\/www.chateauberne.com\/de\/wp-json\/wp\/v2\/media?parent=26538"}],"wp:term":[{"taxonomy":"category","embeddable":true,"href":"https:\/\/www.chateauberne.com\/de\/wp-json\/wp\/v2\/categories?post=26538"},{"taxonomy":"post_tag","embeddable":true,"href":"https:\/\/www.chateauberne.com\/de\/wp-json\/wp\/v2\/tags?post=26538"}],"curies":[{"name":"wp","href":"https:\/\/api.w.org\/{rel}","templated":true}]}}